{"id":21239,"date":"2020-05-07T22:14:56","date_gmt":"2020-05-07T20:14:56","guid":{"rendered":"https:\/\/www.kfchamont99.be\/blog\/?p=21239"},"modified":"2020-05-07T22:14:56","modified_gmt":"2020-05-07T20:14:56","slug":"uit-de-oude-doos-lvv-bilzen","status":"publish","type":"post","link":"https:\/\/www.kfchamont99.be\/blog\/?p=21239","title":{"rendered":"Uit de oude doos: LVV &#8211; Bilzen"},"content":{"rendered":"<p><figure id=\"attachment_21240\" aria-describedby=\"caption-attachment-21240\" style=\"width: 300px\" class=\"wp-caption alignleft\"><a href=\"https:\/\/www.kfchamont99.be\/blog\/wp-content\/uploads\/LVV-Bilzen-1969.jpg\"><img loading=\"lazy\" decoding=\"async\" src=\"https:\/\/www.kfchamont99.be\/blog\/wp-content\/uploads\/LVV-Bilzen-1969-300x211.jpg\" alt=\"\" width=\"300\" height=\"211\" class=\"size-medium wp-image-21240\" srcset=\"https:\/\/www.kfchamont99.be\/blog\/wp-content\/uploads\/LVV-Bilzen-1969-300x211.jpg 300w, https:\/\/www.kfchamont99.be\/blog\/wp-content\/uploads\/LVV-Bilzen-1969-1024x720.jpg 1024w, https:\/\/www.kfchamont99.be\/blog\/wp-content\/uploads\/LVV-Bilzen-1969-150x105.jpg 150w, https:\/\/www.kfchamont99.be\/blog\/wp-content\/uploads\/LVV-Bilzen-1969-768x540.jpg 768w, https:\/\/www.kfchamont99.be\/blog\/wp-content\/uploads\/LVV-Bilzen-1969-1536x1080.jpg 1536w, https:\/\/www.kfchamont99.be\/blog\/wp-content\/uploads\/LVV-Bilzen-1969.jpg 1919w\" sizes=\"auto, (max-width: 300px) 100vw, 300px\" \/><\/a><figcaption id=\"caption-attachment-21240\" class=\"wp-caption-text\">Bron: www.verganevoetbalglorie.be<\/figcaption><\/figure>Doelman Marnick Emmers nam contact op om na te vragen of de keeper op deze foto (gevonden op www.verganevoetbalglorie.be) misschien grootvader Fons (Alfons) Emmers was. Een ideale vraag om voor te leggen aan erelid B\u00e8r Cardinaels, die een geweldig archief van Hamontlo VV heeft (\u00e9\u00e9n van de moederclubs van KFC Hamont 99).<br \/>\nDit was wat hij over de foto wist te melden: <\/p>\n<blockquote><p>VV Hamontlo-Bilzen, eerste thuiswedstrijd gespeeld 14-9-1969 uitslag 1-1, doelpunt Lenders Clement.<br \/>\nDe 2 spelers in rood-wit (!) zijn links Henny Van Gils, rechts Tiny Maas, accommodatie in de Salvatorstraat.<br \/>\nBij \u00b4t Lo stond Swa, broer van Alfons in de goal. En bij Bilzen Corthouts.<br \/>\nNa 2 matchen had \u2018t Lo 3 punten, het tweepuntensysteem was toen in voege.<\/p><\/blockquote>\n<p>Info verzameld door B\u00e8r Cardinaels 5-7 mei 2020.<\/p>\n","protected":false},"excerpt":{"rendered":"<p>Doelman Marnick Emmers nam contact op om na te vragen of de keeper op deze<\/p>\n","protected":false},"author":3,"featured_media":0,"comment_status":"open","ping_status":"closed","sticky":false,"template":"","format":"standard","meta":{"footnotes":""},"categories":[1],"tags":[1326,487],"class_list":["post-21239","post","type-post","status-publish","format-standard","hentry","category-nieuws","tag-ber-cardinaels","tag-oude-doos"],"_links":{"self":[{"href":"https:\/\/www.kfchamont99.be\/blog\/index.php?rest_route=\/wp\/v2\/posts\/21239","targetHints":{"allow":["GET"]}}],"collection":[{"href":"https:\/\/www.kfchamont99.be\/blog\/index.php?rest_route=\/wp\/v2\/posts"}],"about":[{"href":"https:\/\/www.kfchamont99.be\/blog\/index.php?rest_route=\/wp\/v2\/types\/post"}],"author":[{"embeddable":true,"href":"https:\/\/www.kfchamont99.be\/blog\/index.php?rest_route=\/wp\/v2\/users\/3"}],"replies":[{"embeddable":true,"href":"https:\/\/www.kfchamont99.be\/blog\/index.php?rest_route=%2Fwp%2Fv2%2Fcomments&post=21239"}],"version-history":[{"count":1,"href":"https:\/\/www.kfchamont99.be\/blog\/index.php?rest_route=\/wp\/v2\/posts\/21239\/revisions"}],"predecessor-version":[{"id":21241,"href":"https:\/\/www.kfchamont99.be\/blog\/index.php?rest_route=\/wp\/v2\/posts\/21239\/revisions\/21241"}],"wp:attachment":[{"href":"https:\/\/www.kfchamont99.be\/blog\/index.php?rest_route=%2Fwp%2Fv2%2Fmedia&parent=21239"}],"wp:term":[{"taxonomy":"category","embeddable":true,"href":"https:\/\/www.kfchamont99.be\/blog\/index.php?rest_route=%2Fwp%2Fv2%2Fcategories&post=21239"},{"taxonomy":"post_tag","embeddable":true,"href":"https:\/\/www.kfchamont99.be\/blog\/index.php?rest_route=%2Fwp%2Fv2%2Ftags&post=21239"}],"curies":[{"name":"wp","href":"https:\/\/api.w.org\/{rel}","templated":true}]}}